{"id":2491,"date":"2022-06-26T23:40:39","date_gmt":"2022-06-26T23:40:39","guid":{"rendered":"https:\/\/www.waterski.at\/?p=2491"},"modified":"2022-06-26T23:50:02","modified_gmt":"2022-06-26T23:50:02","slug":"doppelsieg-bei-der-wasserski-wm","status":"publish","type":"post","link":"https:\/\/www.waterski.at\/index.php\/2022\/06\/26\/doppelsieg-bei-der-wasserski-wm\/","title":{"rendered":"Doppelsieg bei der Wasserski-WM 2021"},"content":{"rendered":"<p>Die Schall-Sisters haben es geschafft. Doppelsieg bei den Wasserski Weltmeisterschaften in Sosnowiec (Polen). Die beiden Schwestern standen zwar bereits bei einem Gro\u00dfevent gemeinsam auf dem Podium, wie beispielsweise bei den Weltmeisterschaften 2014 mit Platz eins und drei. Jedoch fehlte ihnen bis zu dem vergangenem Wochenende dieser langersehnte Doppelsieg. Bianca und Nadine kamen bereits bei den Trainings an den Tagen zuvor ausgezeichnet mit der schwierigen Anlage zurecht, im Vergleich zu den anderen Teams. Dass sie aber gerade am Finaltag ihre Leistungen so perfekt abrufen konnten, ist einfach unglaublich. Noch im Vorlauf st\u00fcrzte Bianca durch einen kleinen Fehler und lag auf Lauerstellung, w\u00e4hrend Nadine den Vorlauf anf\u00fchrte. Im Finale drehte Bianca den Spie\u00df um und legte mit einer gewaltigen Leistung vor. Die anderen Damen standen unter Zugzwang, wobei eine Deutsche dabei schwer zu Sturz kam und der Wettkampf unmittelbar vor Nadines Start unterbrochen werden musste. Es war f\u00fcr Nadine nicht einfach hier die Nerven zu bewahren und sich auf ihren n\u00e4chsten alles entscheidenden Lauf zu fokussieren. Sie hat versucht, das alles auszublenden und ist super happy, dass sie gemeinsam als Vizeweltmeisterin mit ihrer Schwester am Podium stehen durfte. Bianca gelang es nicht nur ihren Weltmeistertitel zu verteidigen, sondern ist nun auch die einzige Frau, die es je geschafft hat vier Mal Weltmeisterin im Slalom zu werden. Im Training ist Bianca mehrmals den Weltrekord gefahren, aber bei einer Weltmeisterschaft ist es verdammt hart gerade an so einer schwierigen Anlage noch eins drauf zusetzen. Auch wenn die aktuelle Weltmeisterin sich enorm \u00fcber ihren Titel freut, wurmt es sie dennoch, dass es mit dem offiziellen Weltrekord nicht geklappt hat. Bei den Trainings hat aber die ein oder andere Konkurrentin ganz genau beim inoffiziellen Weltrekord hingesehen, in dem Wissen, dass Bianca diesen wohl fr\u00fcher oder sp\u00e4ter knacken wird.<\/p>\n<p>Neben den beiden Schall-Schwestern wollten auch ihre Teamkollegen Thomas Paulmair und David Bodingbauer nach den Medaillen greifen. David konnte jedoch aufgrund der Hurrikan-Katastrophe in Louisiana erst sp\u00e4ter aus Amerika anreisen, wo er gerade sein Auslandssemester an der University of Louisiana at Monroe (ULM) absolviert und dort f\u00fcr das Uni-Wasserskiteam Wettk\u00e4mpfe beschreitet. Trotz weniger Trainings fuhr er sich auf den ausgezeichneten sechsten Platz. Thomas qualifizierte sich ebenfalls f\u00fcr das Finale, kam dann jedoch leider relativ fr\u00fch zu Sturz und landete auf den zehnten Platz. Es waren dennoch hervorragende Resultate, mit denen man getrost in die wohlverdiente Winterpause gehen darf.<\/p>\n","protected":false},"excerpt":{"rendered":"<p>Die Schall-Sisters haben es geschafft. Doppelsieg bei den Wasserski Weltmeisterschaften [&hellip;]<\/p>\n","protected":false},"author":1,"featured_media":2492,"comment_status":"open","ping_status":"open","sticky":false,"template":"","format":"standard","meta":{"footnotes":""},"categories":[4],"tags":[],"class_list":["post-2491","post","type-post","status-publish","format-standard","has-post-thumbnail","hentry","category-news"],"yoast_head":"<!-- This site is optimized with the Yoast SEO plugin v25.0 - https:\/\/yoast.com\/wordpress\/plugins\/seo\/ -->\n<title>Doppelsieg bei der Wasserski-WM 2021 - WSC Asten Aussee<\/title>\n<meta name=\"robots\" content=\"index, follow, max-snippet:-1, max-image-preview:large, max-video-preview:-1\" \/>\n<link rel=\"canonical\" href=\"https:\/\/www.waterski.at\/index.php\/2022\/06\/26\/doppelsieg-bei-der-wasserski-wm\/\" \/>\n<meta property=\"og:locale\" content=\"de_DE\" \/>\n<meta property=\"og:type\" content=\"article\" \/>\n<meta property=\"og:title\" content=\"Doppelsieg bei der Wasserski-WM 2021 - WSC Asten Aussee\" \/>\n<meta property=\"og:description\" content=\"Die Schall-Sisters haben es geschafft. Doppelsieg bei den Wasserski Weltmeisterschaften [&hellip;]\" \/>\n<meta property=\"og:url\" content=\"https:\/\/www.waterski.at\/index.php\/2022\/06\/26\/doppelsieg-bei-der-wasserski-wm\/\" \/>\n<meta property=\"og:site_name\" content=\"WSC Asten Aussee\" \/>\n<meta property=\"article:published_time\" content=\"2022-06-26T23:40:39+00:00\" \/>\n<meta property=\"article:modified_time\" content=\"2022-06-26T23:50:02+00:00\" \/>\n<meta property=\"og:image\" content=\"https:\/\/www.waterski.at\/wp-content\/uploads\/2022\/06\/Doppelsieg.jpg\" \/>\n\t<meta property=\"og:image:width\" content=\"2048\" \/>\n\t<meta property=\"og:image:height\" content=\"1536\" \/>\n\t<meta property=\"og:image:type\" content=\"image\/jpeg\" \/>\n<meta name=\"author\" content=\"admin123\" \/>\n<meta name=\"twitter:card\" content=\"summary_large_image\" \/>\n<meta name=\"twitter:label1\" content=\"Verfasst von\" \/>\n\t<meta name=\"twitter:data1\" content=\"admin123\" \/>\n\t<meta name=\"twitter:label2\" content=\"Gesch\u00e4tzte Lesezeit\" \/>\n\t<meta name=\"twitter:data2\" content=\"2\u00a0Minuten\" \/>\n<script type=\"application\/ld+json\" class=\"yoast-schema-graph\">{\"@context\":\"https:\/\/schema.org\",\"@graph\":[{\"@type\":\"WebPage\",\"@id\":\"https:\/\/www.waterski.at\/index.php\/2022\/06\/26\/doppelsieg-bei-der-wasserski-wm\/\",\"url\":\"https:\/\/www.waterski.at\/index.php\/2022\/06\/26\/doppelsieg-bei-der-wasserski-wm\/\",\"name\":\"Doppelsieg bei der Wasserski-WM 2021 - WSC Asten Aussee\",\"isPartOf\":{\"@id\":\"https:\/\/www.waterski.at\/#website\"},\"primaryImageOfPage\":{\"@id\":\"https:\/\/www.waterski.at\/index.php\/2022\/06\/26\/doppelsieg-bei-der-wasserski-wm\/#primaryimage\"},\"image\":{\"@id\":\"https:\/\/www.waterski.at\/index.php\/2022\/06\/26\/doppelsieg-bei-der-wasserski-wm\/#primaryimage\"},\"thumbnailUrl\":\"https:\/\/www.waterski.at\/wp-content\/uploads\/2022\/06\/Doppelsieg.jpg\",\"datePublished\":\"2022-06-26T23:40:39+00:00\",\"dateModified\":\"2022-06-26T23:50:02+00:00\",\"author\":{\"@id\":\"https:\/\/www.waterski.at\/#\/schema\/person\/13e09063e00a10122bf29f1d131b97ee\"},\"breadcrumb\":{\"@id\":\"https:\/\/www.waterski.at\/index.php\/2022\/06\/26\/doppelsieg-bei-der-wasserski-wm\/#breadcrumb\"},\"inLanguage\":\"de\",\"potentialAction\":[{\"@type\":\"ReadAction\",\"target\":[\"https:\/\/www.waterski.at\/index.php\/2022\/06\/26\/doppelsieg-bei-der-wasserski-wm\/\"]}]},{\"@type\":\"ImageObject\",\"inLanguage\":\"de\",\"@id\":\"https:\/\/www.waterski.at\/index.php\/2022\/06\/26\/doppelsieg-bei-der-wasserski-wm\/#primaryimage\",\"url\":\"https:\/\/www.waterski.at\/wp-content\/uploads\/2022\/06\/Doppelsieg.jpg\",\"contentUrl\":\"https:\/\/www.waterski.at\/wp-content\/uploads\/2022\/06\/Doppelsieg.jpg\",\"width\":2048,\"height\":1536},{\"@type\":\"BreadcrumbList\",\"@id\":\"https:\/\/www.waterski.at\/index.php\/2022\/06\/26\/doppelsieg-bei-der-wasserski-wm\/#breadcrumb\",\"itemListElement\":[{\"@type\":\"ListItem\",\"position\":1,\"name\":\"Startseite\",\"item\":\"https:\/\/www.waterski.at\/\"},{\"@type\":\"ListItem\",\"position\":2,\"name\":\"Doppelsieg bei der Wasserski-WM 2021\"}]},{\"@type\":\"WebSite\",\"@id\":\"https:\/\/www.waterski.at\/#website\",\"url\":\"https:\/\/www.waterski.at\/\",\"name\":\"WSC Asten Aussee\",\"description\":\"Wasserskiverein\",\"potentialAction\":[{\"@type\":\"SearchAction\",\"target\":{\"@type\":\"EntryPoint\",\"urlTemplate\":\"https:\/\/www.waterski.at\/?s={search_term_string}\"},\"query-input\":{\"@type\":\"PropertyValueSpecification\",\"valueRequired\":true,\"valueName\":\"search_term_string\"}}],\"inLanguage\":\"de\"},{\"@type\":\"Person\",\"@id\":\"https:\/\/www.waterski.at\/#\/schema\/person\/13e09063e00a10122bf29f1d131b97ee\",\"name\":\"admin123\",\"sameAs\":[\"https:\/\/www.waterski.at\"],\"url\":\"https:\/\/www.waterski.at\/index.php\/author\/admin123\/\"}]}<\/script>\n<!-- \/ Yoast SEO plugin. -->","yoast_head_json":{"title":"Doppelsieg bei der Wasserski-WM 2021 - WSC Asten Aussee","robots":{"index":"index","follow":"follow","max-snippet":"max-snippet:-1","max-image-preview":"max-image-preview:large","max-video-preview":"max-video-preview:-1"},"canonical":"https:\/\/www.waterski.at\/index.php\/2022\/06\/26\/doppelsieg-bei-der-wasserski-wm\/","og_locale":"de_DE","og_type":"article","og_title":"Doppelsieg bei der Wasserski-WM 2021 - WSC Asten Aussee","og_description":"Die Schall-Sisters haben es geschafft. Doppelsieg bei den Wasserski Weltmeisterschaften [&hellip;]","og_url":"https:\/\/www.waterski.at\/index.php\/2022\/06\/26\/doppelsieg-bei-der-wasserski-wm\/","og_site_name":"WSC Asten Aussee","article_published_time":"2022-06-26T23:40:39+00:00","article_modified_time":"2022-06-26T23:50:02+00:00","og_image":[{"width":2048,"height":1536,"url":"https:\/\/www.waterski.at\/wp-content\/uploads\/2022\/06\/Doppelsieg.jpg","type":"image\/jpeg"}],"author":"admin123","twitter_card":"summary_large_image","twitter_misc":{"Verfasst von":"admin123","Gesch\u00e4tzte Lesezeit":"2\u00a0Minuten"},"schema":{"@context":"https:\/\/schema.org","@graph":[{"@type":"WebPage","@id":"https:\/\/www.waterski.at\/index.php\/2022\/06\/26\/doppelsieg-bei-der-wasserski-wm\/","url":"https:\/\/www.waterski.at\/index.php\/2022\/06\/26\/doppelsieg-bei-der-wasserski-wm\/","name":"Doppelsieg bei der Wasserski-WM 2021 - WSC Asten Aussee","isPartOf":{"@id":"https:\/\/www.waterski.at\/#website"},"primaryImageOfPage":{"@id":"https:\/\/www.waterski.at\/index.php\/2022\/06\/26\/doppelsieg-bei-der-wasserski-wm\/#primaryimage"},"image":{"@id":"https:\/\/www.waterski.at\/index.php\/2022\/06\/26\/doppelsieg-bei-der-wasserski-wm\/#primaryimage"},"thumbnailUrl":"https:\/\/www.waterski.at\/wp-content\/uploads\/2022\/06\/Doppelsieg.jpg","datePublished":"2022-06-26T23:40:39+00:00","dateModified":"2022-06-26T23:50:02+00:00","author":{"@id":"https:\/\/www.waterski.at\/#\/schema\/person\/13e09063e00a10122bf29f1d131b97ee"},"breadcrumb":{"@id":"https:\/\/www.waterski.at\/index.php\/2022\/06\/26\/doppelsieg-bei-der-wasserski-wm\/#breadcrumb"},"inLanguage":"de","potentialAction":[{"@type":"ReadAction","target":["https:\/\/www.waterski.at\/index.php\/2022\/06\/26\/doppelsieg-bei-der-wasserski-wm\/"]}]},{"@type":"ImageObject","inLanguage":"de","@id":"https:\/\/www.waterski.at\/index.php\/2022\/06\/26\/doppelsieg-bei-der-wasserski-wm\/#primaryimage","url":"https:\/\/www.waterski.at\/wp-content\/uploads\/2022\/06\/Doppelsieg.jpg","contentUrl":"https:\/\/www.waterski.at\/wp-content\/uploads\/2022\/06\/Doppelsieg.jpg","width":2048,"height":1536},{"@type":"BreadcrumbList","@id":"https:\/\/www.waterski.at\/index.php\/2022\/06\/26\/doppelsieg-bei-der-wasserski-wm\/#breadcrumb","itemListElement":[{"@type":"ListItem","position":1,"name":"Startseite","item":"https:\/\/www.waterski.at\/"},{"@type":"ListItem","position":2,"name":"Doppelsieg bei der Wasserski-WM 2021"}]},{"@type":"WebSite","@id":"https:\/\/www.waterski.at\/#website","url":"https:\/\/www.waterski.at\/","name":"WSC Asten Aussee","description":"Wasserskiverein","potentialAction":[{"@type":"SearchAction","target":{"@type":"EntryPoint","urlTemplate":"https:\/\/www.waterski.at\/?s={search_term_string}"},"query-input":{"@type":"PropertyValueSpecification","valueRequired":true,"valueName":"search_term_string"}}],"inLanguage":"de"},{"@type":"Person","@id":"https:\/\/www.waterski.at\/#\/schema\/person\/13e09063e00a10122bf29f1d131b97ee","name":"admin123","sameAs":["https:\/\/www.waterski.at"],"url":"https:\/\/www.waterski.at\/index.php\/author\/admin123\/"}]}},"_links":{"self":[{"href":"https:\/\/www.waterski.at\/index.php\/wp-json\/wp\/v2\/posts\/2491","targetHints":{"allow":["GET"]}}],"collection":[{"href":"https:\/\/www.waterski.at\/index.php\/wp-json\/wp\/v2\/posts"}],"about":[{"href":"https:\/\/www.waterski.at\/index.php\/wp-json\/wp\/v2\/types\/post"}],"author":[{"embeddable":true,"href":"https:\/\/www.waterski.at\/index.php\/wp-json\/wp\/v2\/users\/1"}],"replies":[{"embeddable":true,"href":"https:\/\/www.waterski.at\/index.php\/wp-json\/wp\/v2\/comments?post=2491"}],"version-history":[{"count":2,"href":"https:\/\/www.waterski.at\/index.php\/wp-json\/wp\/v2\/posts\/2491\/revisions"}],"predecessor-version":[{"id":2503,"href":"https:\/\/www.waterski.at\/index.php\/wp-json\/wp\/v2\/posts\/2491\/revisions\/2503"}],"wp:featuredmedia":[{"embeddable":true,"href":"https:\/\/www.waterski.at\/index.php\/wp-json\/wp\/v2\/media\/2492"}],"wp:attachment":[{"href":"https:\/\/www.waterski.at\/index.php\/wp-json\/wp\/v2\/media?parent=2491"}],"wp:term":[{"taxonomy":"category","embeddable":true,"href":"https:\/\/www.waterski.at\/index.php\/wp-json\/wp\/v2\/categories?post=2491"},{"taxonomy":"post_tag","embeddable":true,"href":"https:\/\/www.waterski.at\/index.php\/wp-json\/wp\/v2\/tags?post=2491"}],"curies":[{"name":"wp","href":"https:\/\/api.w.org\/{rel}","templated":true}]}}