{"id":2499,"date":"2022-06-26T23:48:55","date_gmt":"2022-06-26T23:48:55","guid":{"rendered":"https:\/\/www.waterski.at\/?p=2499"},"modified":"2022-06-26T23:50:20","modified_gmt":"2022-06-26T23:50:20","slug":"2482-2-2-2","status":"publish","type":"post","link":"https:\/\/www.waterski.at\/index.php\/2022\/06\/26\/2482-2-2-2\/","title":{"rendered":"EUROPACUP am Ausee 29.-31.07.2022"},"content":{"rendered":"<p><a href=\"https:\/\/www.waterski.at\/wp-content\/uploads\/2022\/06\/Europacup-2022.pdf\">Europacup 2022<\/a><\/p>\n<p>&nbsp;<\/p>\n<p>Unser Sportler*innen freuen sich bereits auf den internationalen Europacup an der Heimanlage in Asten. Nach 2 j\u00e4hriger internationaler Wettkampf-Pause am Ausee kehrt der Ski Zirkus mit internationalen Top Athleten*innen wieder zur\u00fcck.<br \/>\nUnser Sportler*innen trainieren bereits flei\u00dfig und w\u00fcrden sich freuen m\u00f6glichst viele Besucher*innen am Ausee begr\u00fc\u00dfen zu k\u00f6nnen. Wir m\u00f6chten uns auf diesem Weg bei unseren tollen Sponsoren f\u00fcr die Unterst\u00fctzung bedanken.<\/p>\n","protected":false},"excerpt":{"rendered":"<p>Europacup 2022 &nbsp; Unser Sportler*innen freuen sich bereits auf den [&hellip;]<\/p>\n","protected":false},"author":1,"featured_media":2500,"comment_status":"open","ping_status":"open","sticky":false,"template":"","format":"standard","meta":{"footnotes":""},"categories":[4],"tags":[],"class_list":["post-2499","post","type-post","status-publish","format-standard","has-post-thumbnail","hentry","category-news"],"yoast_head":"<!-- This site is optimized with the Yoast SEO plugin v25.0 - https:\/\/yoast.com\/wordpress\/plugins\/seo\/ -->\n<title>EUROPACUP am Ausee 29.-31.07.2022 - WSC Asten Aussee<\/title>\n<meta name=\"robots\" content=\"index, follow, max-snippet:-1, max-image-preview:large, max-video-preview:-1\" \/>\n<link rel=\"canonical\" href=\"https:\/\/www.waterski.at\/index.php\/2022\/06\/26\/2482-2-2-2\/\" \/>\n<meta property=\"og:locale\" content=\"de_DE\" \/>\n<meta property=\"og:type\" content=\"article\" \/>\n<meta property=\"og:title\" content=\"EUROPACUP am Ausee 29.-31.07.2022 - WSC Asten Aussee\" \/>\n<meta property=\"og:description\" content=\"Europacup 2022 &nbsp; Unser Sportler*innen freuen sich bereits auf den [&hellip;]\" \/>\n<meta property=\"og:url\" content=\"https:\/\/www.waterski.at\/index.php\/2022\/06\/26\/2482-2-2-2\/\" \/>\n<meta property=\"og:site_name\" content=\"WSC Asten Aussee\" \/>\n<meta property=\"article:published_time\" content=\"2022-06-26T23:48:55+00:00\" \/>\n<meta property=\"article:modified_time\" content=\"2022-06-26T23:50:20+00:00\" \/>\n<meta property=\"og:image\" content=\"https:\/\/www.waterski.at\/wp-content\/uploads\/2022\/06\/Foto-Plakat-gross.png\" \/>\n\t<meta property=\"og:image:width\" content=\"505\" \/>\n\t<meta property=\"og:image:height\" content=\"379\" \/>\n\t<meta property=\"og:image:type\" content=\"image\/png\" \/>\n<meta name=\"author\" content=\"admin123\" \/>\n<meta name=\"twitter:card\" content=\"summary_large_image\" \/>\n<meta name=\"twitter:label1\" content=\"Verfasst von\" \/>\n\t<meta name=\"twitter:data1\" content=\"admin123\" \/>\n<script type=\"application\/ld+json\" class=\"yoast-schema-graph\">{\"@context\":\"https:\/\/schema.org\",\"@graph\":[{\"@type\":\"WebPage\",\"@id\":\"https:\/\/www.waterski.at\/index.php\/2022\/06\/26\/2482-2-2-2\/\",\"url\":\"https:\/\/www.waterski.at\/index.php\/2022\/06\/26\/2482-2-2-2\/\",\"name\":\"EUROPACUP am Ausee 29.-31.07.2022 - WSC Asten Aussee\",\"isPartOf\":{\"@id\":\"https:\/\/www.waterski.at\/#website\"},\"primaryImageOfPage\":{\"@id\":\"https:\/\/www.waterski.at\/index.php\/2022\/06\/26\/2482-2-2-2\/#primaryimage\"},\"image\":{\"@id\":\"https:\/\/www.waterski.at\/index.php\/2022\/06\/26\/2482-2-2-2\/#primaryimage\"},\"thumbnailUrl\":\"https:\/\/www.waterski.at\/wp-content\/uploads\/2022\/06\/Foto-Plakat-gross.png\",\"datePublished\":\"2022-06-26T23:48:55+00:00\",\"dateModified\":\"2022-06-26T23:50:20+00:00\",\"author\":{\"@id\":\"https:\/\/www.waterski.at\/#\/schema\/person\/13e09063e00a10122bf29f1d131b97ee\"},\"breadcrumb\":{\"@id\":\"https:\/\/www.waterski.at\/index.php\/2022\/06\/26\/2482-2-2-2\/#breadcrumb\"},\"inLanguage\":\"de\",\"potentialAction\":[{\"@type\":\"ReadAction\",\"target\":[\"https:\/\/www.waterski.at\/index.php\/2022\/06\/26\/2482-2-2-2\/\"]}]},{\"@type\":\"ImageObject\",\"inLanguage\":\"de\",\"@id\":\"https:\/\/www.waterski.at\/index.php\/2022\/06\/26\/2482-2-2-2\/#primaryimage\",\"url\":\"https:\/\/www.waterski.at\/wp-content\/uploads\/2022\/06\/Foto-Plakat-gross.png\",\"contentUrl\":\"https:\/\/www.waterski.at\/wp-content\/uploads\/2022\/06\/Foto-Plakat-gross.png\",\"width\":505,\"height\":379},{\"@type\":\"BreadcrumbList\",\"@id\":\"https:\/\/www.waterski.at\/index.php\/2022\/06\/26\/2482-2-2-2\/#breadcrumb\",\"itemListElement\":[{\"@type\":\"ListItem\",\"position\":1,\"name\":\"Startseite\",\"item\":\"https:\/\/www.waterski.at\/\"},{\"@type\":\"ListItem\",\"position\":2,\"name\":\"EUROPACUP am Ausee 29.-31.07.2022\"}]},{\"@type\":\"WebSite\",\"@id\":\"https:\/\/www.waterski.at\/#website\",\"url\":\"https:\/\/www.waterski.at\/\",\"name\":\"WSC Asten Aussee\",\"description\":\"Wasserskiverein\",\"potentialAction\":[{\"@type\":\"SearchAction\",\"target\":{\"@type\":\"EntryPoint\",\"urlTemplate\":\"https:\/\/www.waterski.at\/?s={search_term_string}\"},\"query-input\":{\"@type\":\"PropertyValueSpecification\",\"valueRequired\":true,\"valueName\":\"search_term_string\"}}],\"inLanguage\":\"de\"},{\"@type\":\"Person\",\"@id\":\"https:\/\/www.waterski.at\/#\/schema\/person\/13e09063e00a10122bf29f1d131b97ee\",\"name\":\"admin123\",\"sameAs\":[\"https:\/\/www.waterski.at\"],\"url\":\"https:\/\/www.waterski.at\/index.php\/author\/admin123\/\"}]}<\/script>\n<!-- \/ Yoast SEO plugin. -->","yoast_head_json":{"title":"EUROPACUP am Ausee 29.-31.07.2022 - WSC Asten Aussee","robots":{"index":"index","follow":"follow","max-snippet":"max-snippet:-1","max-image-preview":"max-image-preview:large","max-video-preview":"max-video-preview:-1"},"canonical":"https:\/\/www.waterski.at\/index.php\/2022\/06\/26\/2482-2-2-2\/","og_locale":"de_DE","og_type":"article","og_title":"EUROPACUP am Ausee 29.-31.07.2022 - WSC Asten Aussee","og_description":"Europacup 2022 &nbsp; Unser Sportler*innen freuen sich bereits auf den [&hellip;]","og_url":"https:\/\/www.waterski.at\/index.php\/2022\/06\/26\/2482-2-2-2\/","og_site_name":"WSC Asten Aussee","article_published_time":"2022-06-26T23:48:55+00:00","article_modified_time":"2022-06-26T23:50:20+00:00","og_image":[{"width":505,"height":379,"url":"https:\/\/www.waterski.at\/wp-content\/uploads\/2022\/06\/Foto-Plakat-gross.png","type":"image\/png"}],"author":"admin123","twitter_card":"summary_large_image","twitter_misc":{"Verfasst von":"admin123"},"schema":{"@context":"https:\/\/schema.org","@graph":[{"@type":"WebPage","@id":"https:\/\/www.waterski.at\/index.php\/2022\/06\/26\/2482-2-2-2\/","url":"https:\/\/www.waterski.at\/index.php\/2022\/06\/26\/2482-2-2-2\/","name":"EUROPACUP am Ausee 29.-31.07.2022 - WSC Asten Aussee","isPartOf":{"@id":"https:\/\/www.waterski.at\/#website"},"primaryImageOfPage":{"@id":"https:\/\/www.waterski.at\/index.php\/2022\/06\/26\/2482-2-2-2\/#primaryimage"},"image":{"@id":"https:\/\/www.waterski.at\/index.php\/2022\/06\/26\/2482-2-2-2\/#primaryimage"},"thumbnailUrl":"https:\/\/www.waterski.at\/wp-content\/uploads\/2022\/06\/Foto-Plakat-gross.png","datePublished":"2022-06-26T23:48:55+00:00","dateModified":"2022-06-26T23:50:20+00:00","author":{"@id":"https:\/\/www.waterski.at\/#\/schema\/person\/13e09063e00a10122bf29f1d131b97ee"},"breadcrumb":{"@id":"https:\/\/www.waterski.at\/index.php\/2022\/06\/26\/2482-2-2-2\/#breadcrumb"},"inLanguage":"de","potentialAction":[{"@type":"ReadAction","target":["https:\/\/www.waterski.at\/index.php\/2022\/06\/26\/2482-2-2-2\/"]}]},{"@type":"ImageObject","inLanguage":"de","@id":"https:\/\/www.waterski.at\/index.php\/2022\/06\/26\/2482-2-2-2\/#primaryimage","url":"https:\/\/www.waterski.at\/wp-content\/uploads\/2022\/06\/Foto-Plakat-gross.png","contentUrl":"https:\/\/www.waterski.at\/wp-content\/uploads\/2022\/06\/Foto-Plakat-gross.png","width":505,"height":379},{"@type":"BreadcrumbList","@id":"https:\/\/www.waterski.at\/index.php\/2022\/06\/26\/2482-2-2-2\/#breadcrumb","itemListElement":[{"@type":"ListItem","position":1,"name":"Startseite","item":"https:\/\/www.waterski.at\/"},{"@type":"ListItem","position":2,"name":"EUROPACUP am Ausee 29.-31.07.2022"}]},{"@type":"WebSite","@id":"https:\/\/www.waterski.at\/#website","url":"https:\/\/www.waterski.at\/","name":"WSC Asten Aussee","description":"Wasserskiverein","potentialAction":[{"@type":"SearchAction","target":{"@type":"EntryPoint","urlTemplate":"https:\/\/www.waterski.at\/?s={search_term_string}"},"query-input":{"@type":"PropertyValueSpecification","valueRequired":true,"valueName":"search_term_string"}}],"inLanguage":"de"},{"@type":"Person","@id":"https:\/\/www.waterski.at\/#\/schema\/person\/13e09063e00a10122bf29f1d131b97ee","name":"admin123","sameAs":["https:\/\/www.waterski.at"],"url":"https:\/\/www.waterski.at\/index.php\/author\/admin123\/"}]}},"_links":{"self":[{"href":"https:\/\/www.waterski.at\/index.php\/wp-json\/wp\/v2\/posts\/2499","targetHints":{"allow":["GET"]}}],"collection":[{"href":"https:\/\/www.waterski.at\/index.php\/wp-json\/wp\/v2\/posts"}],"about":[{"href":"https:\/\/www.waterski.at\/index.php\/wp-json\/wp\/v2\/types\/post"}],"author":[{"embeddable":true,"href":"https:\/\/www.waterski.at\/index.php\/wp-json\/wp\/v2\/users\/1"}],"replies":[{"embeddable":true,"href":"https:\/\/www.waterski.at\/index.php\/wp-json\/wp\/v2\/comments?post=2499"}],"version-history":[{"count":2,"href":"https:\/\/www.waterski.at\/index.php\/wp-json\/wp\/v2\/posts\/2499\/revisions"}],"predecessor-version":[{"id":2504,"href":"https:\/\/www.waterski.at\/index.php\/wp-json\/wp\/v2\/posts\/2499\/revisions\/2504"}],"wp:featuredmedia":[{"embeddable":true,"href":"https:\/\/www.waterski.at\/index.php\/wp-json\/wp\/v2\/media\/2500"}],"wp:attachment":[{"href":"https:\/\/www.waterski.at\/index.php\/wp-json\/wp\/v2\/media?parent=2499"}],"wp:term":[{"taxonomy":"category","embeddable":true,"href":"https:\/\/www.waterski.at\/index.php\/wp-json\/wp\/v2\/categories?post=2499"},{"taxonomy":"post_tag","embeddable":true,"href":"https:\/\/www.waterski.at\/index.php\/wp-json\/wp\/v2\/tags?post=2499"}],"curies":[{"name":"wp","href":"https:\/\/api.w.org\/{rel}","templated":true}]}}