{"id":2521,"date":"2022-09-26T18:31:29","date_gmt":"2022-09-26T18:31:29","guid":{"rendered":"https:\/\/www.waterski.at\/?p=2521"},"modified":"2022-09-26T18:40:58","modified_gmt":"2022-09-26T18:40:58","slug":"erfolgreicher-wettkampf-in-kosice-und-primaerensieg-fuer-david","status":"publish","type":"post","link":"https:\/\/www.waterski.at\/index.php\/2022\/09\/26\/erfolgreicher-wettkampf-in-kosice-und-primaerensieg-fuer-david\/","title":{"rendered":"Slowakei: Erfolgreicher Wettkampf in Kosice &#038; Prim\u00e4rensieg f\u00fcr David"},"content":{"rendered":"<p><img decoding=\"async\" class=\"lazyload alignnone size-full wp-image-2523\" src=\"https:\/\/www.waterski.at\/wp-content\/uploads\/2022\/09\/koscie-teamfoto.jpg\" data-orig-src=\"https:\/\/www.waterski.at\/wp-content\/uploads\/2022\/09\/koscie-teamfoto.jpg\" alt=\"\" width=\"960\" height=\"1280\" srcset=\"data:image\/svg+xml,%3Csvg%20xmlns%3D%27http%3A%2F%2Fwww.w3.org%2F2000%2Fsvg%27%20width%3D%27960%27%20height%3D%271280%27%20viewBox%3D%270%200%20960%201280%27%3E%3Crect%20width%3D%27960%27%20height%3D%271280%27%20fill-opacity%3D%220%22%2F%3E%3C%2Fsvg%3E\" data-srcset=\"https:\/\/www.waterski.at\/wp-content\/uploads\/2022\/09\/koscie-teamfoto-200x267.jpg 200w, https:\/\/www.waterski.at\/wp-content\/uploads\/2022\/09\/koscie-teamfoto-225x300.jpg 225w, https:\/\/www.waterski.at\/wp-content\/uploads\/2022\/09\/koscie-teamfoto-400x533.jpg 400w, https:\/\/www.waterski.at\/wp-content\/uploads\/2022\/09\/koscie-teamfoto-600x800.jpg 600w, https:\/\/www.waterski.at\/wp-content\/uploads\/2022\/09\/koscie-teamfoto-768x1024.jpg 768w, https:\/\/www.waterski.at\/wp-content\/uploads\/2022\/09\/koscie-teamfoto-800x1067.jpg 800w, https:\/\/www.waterski.at\/wp-content\/uploads\/2022\/09\/koscie-teamfoto.jpg 960w\" data-sizes=\"auto\" data-orig-sizes=\"(max-width: 960px) 100vw, 960px\" \/><\/p>\n<p>Der WWSC Asten Ausee zeigte beim zweiten Europacup Tour-Stop\u00a0 im slowakischen Kosice in Hochform. David Bodingbauer konnte sich trotz einem starken Teilnehmerfeld den Sieg im Slalom holen. \u201eAufgrund der Wettervorhersage wusste ich bereits am ersten Wettkampftag, dass es wichtig war ein gutes Ergebnis zu erzielen. Am Ende hat mir mein Resultat aus der ersten Runde den Druck am windigen Final-Tag erspart.\u201c sagte David. Seine Team-Kollegin Vanessa Wenger kam ebenfalls mit den Bedingungen dort ausgezeichnet zurecht und sicherte sich in der Klasse der offenen Damen die Bronze-Medaille. F\u00fcr Miriam Ga\u00dfner reichte es im Slalom aufgrund von R\u00fcckenschmerzen nur f\u00fcr Platz sieben. \u201eTrotz schwierigen Bedingungen konnte das gesamte Team ausgezeichnete Ergebnisse fahren. Das ist schon ein gutes Zeichen im Hinblick auf die diesj\u00e4hrige Europameisterschaft in den Niederlanden.\u201c so Trainer Adi Schall.<\/p>\n<p>Auch die Jugendlichen sind bei den hei\u00dfen und gewittrigen Wetterverh\u00e4ltnissen im parallel stattfindenden Jugend-Cup brav gefahren. Erik En\u00f6ckl belegte im Trickski Bewerb mit einer neuen pers\u00f6nlichen Bestleistung den vierten Platz.<br \/>\nDas neueste Mitglied der WWSC-Mannschaft, Sophie H\u00fclsmann, legte ebenfalls eine tolle Talentprobe ab.<br \/>\nDas gesamte Team ist schon hei\u00df auf das kommende Wettkampf-Wochenende an der Heimatanlage am Ausee, Asten. Also vom 29. bis 31. Juli Badesachen einpacken, am Ausee kommen und die heimischen Athleten anfeuern.<\/p>\n","protected":false},"excerpt":{"rendered":"<p>Der WWSC Asten Ausee zeigte beim zweiten Europacup Tour-Stop\u00a0 im [&hellip;]<\/p>\n","protected":false},"author":1,"featured_media":2522,"comment_status":"open","ping_status":"open","sticky":false,"template":"","format":"standard","meta":{"footnotes":""},"categories":[4],"tags":[],"class_list":["post-2521","post","type-post","status-publish","format-standard","has-post-thumbnail","hentry","category-news"],"yoast_head":"<!-- This site is optimized with the Yoast SEO plugin v25.0 - https:\/\/yoast.com\/wordpress\/plugins\/seo\/ -->\n<title>Slowakei: Erfolgreicher Wettkampf in Kosice &amp; Prim\u00e4rensieg f\u00fcr David - WSC Asten Aussee<\/title>\n<meta name=\"robots\" content=\"index, follow, max-snippet:-1, max-image-preview:large, max-video-preview:-1\" \/>\n<link rel=\"canonical\" href=\"https:\/\/www.waterski.at\/index.php\/2022\/09\/26\/erfolgreicher-wettkampf-in-kosice-und-primaerensieg-fuer-david\/\" \/>\n<meta property=\"og:locale\" content=\"de_DE\" \/>\n<meta property=\"og:type\" content=\"article\" \/>\n<meta property=\"og:title\" content=\"Slowakei: Erfolgreicher Wettkampf in Kosice &amp; Prim\u00e4rensieg f\u00fcr David - WSC Asten Aussee\" \/>\n<meta property=\"og:description\" content=\"Der WWSC Asten Ausee zeigte beim zweiten Europacup Tour-Stop\u00a0 im [&hellip;]\" \/>\n<meta property=\"og:url\" content=\"https:\/\/www.waterski.at\/index.php\/2022\/09\/26\/erfolgreicher-wettkampf-in-kosice-und-primaerensieg-fuer-david\/\" \/>\n<meta property=\"og:site_name\" content=\"WSC Asten Aussee\" \/>\n<meta property=\"article:published_time\" content=\"2022-09-26T18:31:29+00:00\" \/>\n<meta property=\"article:modified_time\" content=\"2022-09-26T18:40:58+00:00\" \/>\n<meta property=\"og:image\" content=\"https:\/\/www.waterski.at\/wp-content\/uploads\/2022\/09\/Kosice-David.jpg\" \/>\n\t<meta property=\"og:image:width\" content=\"1200\" \/>\n\t<meta property=\"og:image:height\" content=\"1600\" \/>\n\t<meta property=\"og:image:type\" content=\"image\/jpeg\" \/>\n<meta name=\"author\" content=\"admin123\" \/>\n<meta name=\"twitter:card\" content=\"summary_large_image\" \/>\n<meta name=\"twitter:label1\" content=\"Verfasst von\" \/>\n\t<meta name=\"twitter:data1\" content=\"admin123\" \/>\n\t<meta name=\"twitter:label2\" content=\"Gesch\u00e4tzte Lesezeit\" \/>\n\t<meta name=\"twitter:data2\" content=\"1\u00a0Minute\" \/>\n<script type=\"application\/ld+json\" class=\"yoast-schema-graph\">{\"@context\":\"https:\/\/schema.org\",\"@graph\":[{\"@type\":\"WebPage\",\"@id\":\"https:\/\/www.waterski.at\/index.php\/2022\/09\/26\/erfolgreicher-wettkampf-in-kosice-und-primaerensieg-fuer-david\/\",\"url\":\"https:\/\/www.waterski.at\/index.php\/2022\/09\/26\/erfolgreicher-wettkampf-in-kosice-und-primaerensieg-fuer-david\/\",\"name\":\"Slowakei: Erfolgreicher Wettkampf in Kosice & Prim\u00e4rensieg f\u00fcr David - WSC Asten Aussee\",\"isPartOf\":{\"@id\":\"https:\/\/www.waterski.at\/#website\"},\"primaryImageOfPage\":{\"@id\":\"https:\/\/www.waterski.at\/index.php\/2022\/09\/26\/erfolgreicher-wettkampf-in-kosice-und-primaerensieg-fuer-david\/#primaryimage\"},\"image\":{\"@id\":\"https:\/\/www.waterski.at\/index.php\/2022\/09\/26\/erfolgreicher-wettkampf-in-kosice-und-primaerensieg-fuer-david\/#primaryimage\"},\"thumbnailUrl\":\"https:\/\/www.waterski.at\/wp-content\/uploads\/2022\/09\/Kosice-David.jpg\",\"datePublished\":\"2022-09-26T18:31:29+00:00\",\"dateModified\":\"2022-09-26T18:40:58+00:00\",\"author\":{\"@id\":\"https:\/\/www.waterski.at\/#\/schema\/person\/13e09063e00a10122bf29f1d131b97ee\"},\"breadcrumb\":{\"@id\":\"https:\/\/www.waterski.at\/index.php\/2022\/09\/26\/erfolgreicher-wettkampf-in-kosice-und-primaerensieg-fuer-david\/#breadcrumb\"},\"inLanguage\":\"de\",\"potentialAction\":[{\"@type\":\"ReadAction\",\"target\":[\"https:\/\/www.waterski.at\/index.php\/2022\/09\/26\/erfolgreicher-wettkampf-in-kosice-und-primaerensieg-fuer-david\/\"]}]},{\"@type\":\"ImageObject\",\"inLanguage\":\"de\",\"@id\":\"https:\/\/www.waterski.at\/index.php\/2022\/09\/26\/erfolgreicher-wettkampf-in-kosice-und-primaerensieg-fuer-david\/#primaryimage\",\"url\":\"https:\/\/www.waterski.at\/wp-content\/uploads\/2022\/09\/Kosice-David.jpg\",\"contentUrl\":\"https:\/\/www.waterski.at\/wp-content\/uploads\/2022\/09\/Kosice-David.jpg\",\"width\":1200,\"height\":1600},{\"@type\":\"BreadcrumbList\",\"@id\":\"https:\/\/www.waterski.at\/index.php\/2022\/09\/26\/erfolgreicher-wettkampf-in-kosice-und-primaerensieg-fuer-david\/#breadcrumb\",\"itemListElement\":[{\"@type\":\"ListItem\",\"position\":1,\"name\":\"Startseite\",\"item\":\"https:\/\/www.waterski.at\/\"},{\"@type\":\"ListItem\",\"position\":2,\"name\":\"Slowakei: Erfolgreicher Wettkampf in Kosice &#038; Prim\u00e4rensieg f\u00fcr David\"}]},{\"@type\":\"WebSite\",\"@id\":\"https:\/\/www.waterski.at\/#website\",\"url\":\"https:\/\/www.waterski.at\/\",\"name\":\"WSC Asten Aussee\",\"description\":\"Wasserskiverein\",\"potentialAction\":[{\"@type\":\"SearchAction\",\"target\":{\"@type\":\"EntryPoint\",\"urlTemplate\":\"https:\/\/www.waterski.at\/?s={search_term_string}\"},\"query-input\":{\"@type\":\"PropertyValueSpecification\",\"valueRequired\":true,\"valueName\":\"search_term_string\"}}],\"inLanguage\":\"de\"},{\"@type\":\"Person\",\"@id\":\"https:\/\/www.waterski.at\/#\/schema\/person\/13e09063e00a10122bf29f1d131b97ee\",\"name\":\"admin123\",\"sameAs\":[\"https:\/\/www.waterski.at\"],\"url\":\"https:\/\/www.waterski.at\/index.php\/author\/admin123\/\"}]}<\/script>\n<!-- \/ Yoast SEO plugin. -->","yoast_head_json":{"title":"Slowakei: Erfolgreicher Wettkampf in Kosice & Prim\u00e4rensieg f\u00fcr David - WSC Asten Aussee","robots":{"index":"index","follow":"follow","max-snippet":"max-snippet:-1","max-image-preview":"max-image-preview:large","max-video-preview":"max-video-preview:-1"},"canonical":"https:\/\/www.waterski.at\/index.php\/2022\/09\/26\/erfolgreicher-wettkampf-in-kosice-und-primaerensieg-fuer-david\/","og_locale":"de_DE","og_type":"article","og_title":"Slowakei: Erfolgreicher Wettkampf in Kosice & Prim\u00e4rensieg f\u00fcr David - WSC Asten Aussee","og_description":"Der WWSC Asten Ausee zeigte beim zweiten Europacup Tour-Stop\u00a0 im [&hellip;]","og_url":"https:\/\/www.waterski.at\/index.php\/2022\/09\/26\/erfolgreicher-wettkampf-in-kosice-und-primaerensieg-fuer-david\/","og_site_name":"WSC Asten Aussee","article_published_time":"2022-09-26T18:31:29+00:00","article_modified_time":"2022-09-26T18:40:58+00:00","og_image":[{"width":1200,"height":1600,"url":"https:\/\/www.waterski.at\/wp-content\/uploads\/2022\/09\/Kosice-David.jpg","type":"image\/jpeg"}],"author":"admin123","twitter_card":"summary_large_image","twitter_misc":{"Verfasst von":"admin123","Gesch\u00e4tzte Lesezeit":"1\u00a0Minute"},"schema":{"@context":"https:\/\/schema.org","@graph":[{"@type":"WebPage","@id":"https:\/\/www.waterski.at\/index.php\/2022\/09\/26\/erfolgreicher-wettkampf-in-kosice-und-primaerensieg-fuer-david\/","url":"https:\/\/www.waterski.at\/index.php\/2022\/09\/26\/erfolgreicher-wettkampf-in-kosice-und-primaerensieg-fuer-david\/","name":"Slowakei: Erfolgreicher Wettkampf in Kosice & Prim\u00e4rensieg f\u00fcr David - WSC Asten Aussee","isPartOf":{"@id":"https:\/\/www.waterski.at\/#website"},"primaryImageOfPage":{"@id":"https:\/\/www.waterski.at\/index.php\/2022\/09\/26\/erfolgreicher-wettkampf-in-kosice-und-primaerensieg-fuer-david\/#primaryimage"},"image":{"@id":"https:\/\/www.waterski.at\/index.php\/2022\/09\/26\/erfolgreicher-wettkampf-in-kosice-und-primaerensieg-fuer-david\/#primaryimage"},"thumbnailUrl":"https:\/\/www.waterski.at\/wp-content\/uploads\/2022\/09\/Kosice-David.jpg","datePublished":"2022-09-26T18:31:29+00:00","dateModified":"2022-09-26T18:40:58+00:00","author":{"@id":"https:\/\/www.waterski.at\/#\/schema\/person\/13e09063e00a10122bf29f1d131b97ee"},"breadcrumb":{"@id":"https:\/\/www.waterski.at\/index.php\/2022\/09\/26\/erfolgreicher-wettkampf-in-kosice-und-primaerensieg-fuer-david\/#breadcrumb"},"inLanguage":"de","potentialAction":[{"@type":"ReadAction","target":["https:\/\/www.waterski.at\/index.php\/2022\/09\/26\/erfolgreicher-wettkampf-in-kosice-und-primaerensieg-fuer-david\/"]}]},{"@type":"ImageObject","inLanguage":"de","@id":"https:\/\/www.waterski.at\/index.php\/2022\/09\/26\/erfolgreicher-wettkampf-in-kosice-und-primaerensieg-fuer-david\/#primaryimage","url":"https:\/\/www.waterski.at\/wp-content\/uploads\/2022\/09\/Kosice-David.jpg","contentUrl":"https:\/\/www.waterski.at\/wp-content\/uploads\/2022\/09\/Kosice-David.jpg","width":1200,"height":1600},{"@type":"BreadcrumbList","@id":"https:\/\/www.waterski.at\/index.php\/2022\/09\/26\/erfolgreicher-wettkampf-in-kosice-und-primaerensieg-fuer-david\/#breadcrumb","itemListElement":[{"@type":"ListItem","position":1,"name":"Startseite","item":"https:\/\/www.waterski.at\/"},{"@type":"ListItem","position":2,"name":"Slowakei: Erfolgreicher Wettkampf in Kosice &#038; Prim\u00e4rensieg f\u00fcr David"}]},{"@type":"WebSite","@id":"https:\/\/www.waterski.at\/#website","url":"https:\/\/www.waterski.at\/","name":"WSC Asten Aussee","description":"Wasserskiverein","potentialAction":[{"@type":"SearchAction","target":{"@type":"EntryPoint","urlTemplate":"https:\/\/www.waterski.at\/?s={search_term_string}"},"query-input":{"@type":"PropertyValueSpecification","valueRequired":true,"valueName":"search_term_string"}}],"inLanguage":"de"},{"@type":"Person","@id":"https:\/\/www.waterski.at\/#\/schema\/person\/13e09063e00a10122bf29f1d131b97ee","name":"admin123","sameAs":["https:\/\/www.waterski.at"],"url":"https:\/\/www.waterski.at\/index.php\/author\/admin123\/"}]}},"_links":{"self":[{"href":"https:\/\/www.waterski.at\/index.php\/wp-json\/wp\/v2\/posts\/2521","targetHints":{"allow":["GET"]}}],"collection":[{"href":"https:\/\/www.waterski.at\/index.php\/wp-json\/wp\/v2\/posts"}],"about":[{"href":"https:\/\/www.waterski.at\/index.php\/wp-json\/wp\/v2\/types\/post"}],"author":[{"embeddable":true,"href":"https:\/\/www.waterski.at\/index.php\/wp-json\/wp\/v2\/users\/1"}],"replies":[{"embeddable":true,"href":"https:\/\/www.waterski.at\/index.php\/wp-json\/wp\/v2\/comments?post=2521"}],"version-history":[{"count":2,"href":"https:\/\/www.waterski.at\/index.php\/wp-json\/wp\/v2\/posts\/2521\/revisions"}],"predecessor-version":[{"id":2528,"href":"https:\/\/www.waterski.at\/index.php\/wp-json\/wp\/v2\/posts\/2521\/revisions\/2528"}],"wp:featuredmedia":[{"embeddable":true,"href":"https:\/\/www.waterski.at\/index.php\/wp-json\/wp\/v2\/media\/2522"}],"wp:attachment":[{"href":"https:\/\/www.waterski.at\/index.php\/wp-json\/wp\/v2\/media?parent=2521"}],"wp:term":[{"taxonomy":"category","embeddable":true,"href":"https:\/\/www.waterski.at\/index.php\/wp-json\/wp\/v2\/categories?post=2521"},{"taxonomy":"post_tag","embeddable":true,"href":"https:\/\/www.waterski.at\/index.php\/wp-json\/wp\/v2\/tags?post=2521"}],"curies":[{"name":"wp","href":"https:\/\/api.w.org\/{rel}","templated":true}]}}