{"id":2525,"date":"2022-09-26T18:38:03","date_gmt":"2022-09-26T18:38:03","guid":{"rendered":"https:\/\/www.waterski.at\/?p=2525"},"modified":"2022-09-26T18:38:03","modified_gmt":"2022-09-26T18:38:03","slug":"windiges-wasserski-heimspektakel-2","status":"publish","type":"post","link":"https:\/\/www.waterski.at\/index.php\/2022\/09\/26\/windiges-wasserski-heimspektakel-2\/","title":{"rendered":"Windiges Wasserski Heimspektakel"},"content":{"rendered":"<p><img decoding=\"async\" class=\"lazyload alignnone size-full wp-image-2516\" src=\"https:\/\/www.waterski.at\/wp-content\/uploads\/2022\/09\/Bianca-Slalom-scaled.jpg\" data-orig-src=\"https:\/\/www.waterski.at\/wp-content\/uploads\/2022\/09\/Bianca-Slalom-scaled.jpg\" alt=\"\" width=\"2560\" height=\"1700\" srcset=\"data:image\/svg+xml,%3Csvg%20xmlns%3D%27http%3A%2F%2Fwww.w3.org%2F2000%2Fsvg%27%20width%3D%272560%27%20height%3D%271700%27%20viewBox%3D%270%200%202560%201700%27%3E%3Crect%20width%3D%272560%27%20height%3D%271700%27%20fill-opacity%3D%220%22%2F%3E%3C%2Fsvg%3E\" data-srcset=\"https:\/\/www.waterski.at\/wp-content\/uploads\/2022\/09\/Bianca-Slalom-200x133.jpg 200w, https:\/\/www.waterski.at\/wp-content\/uploads\/2022\/09\/Bianca-Slalom-300x199.jpg 300w, https:\/\/www.waterski.at\/wp-content\/uploads\/2022\/09\/Bianca-Slalom-400x266.jpg 400w, https:\/\/www.waterski.at\/wp-content\/uploads\/2022\/09\/Bianca-Slalom-600x399.jpg 600w, https:\/\/www.waterski.at\/wp-content\/uploads\/2022\/09\/Bianca-Slalom-768x510.jpg 768w, https:\/\/www.waterski.at\/wp-content\/uploads\/2022\/09\/Bianca-Slalom-800x531.jpg 800w, https:\/\/www.waterski.at\/wp-content\/uploads\/2022\/09\/Bianca-Slalom-1024x680.jpg 1024w, https:\/\/www.waterski.at\/wp-content\/uploads\/2022\/09\/Bianca-Slalom-1200x797.jpg 1200w, https:\/\/www.waterski.at\/wp-content\/uploads\/2022\/09\/Bianca-Slalom-1536x1020.jpg 1536w, https:\/\/www.waterski.at\/wp-content\/uploads\/2022\/09\/Bianca-Slalom-scaled.jpg 2560w\" data-sizes=\"auto\" data-orig-sizes=\"(max-width: 2560px) 100vw, 2560px\" \/><\/p>\n<p>Beim Europacup an der Heimanlage am Ausee Asten hatten die Wasserski-Athleten leider kein Gl\u00fcck mit dem Wetter. Das ganze Wochenende sorgte der b\u00f6ige Wind f\u00fcr \u00e4u\u00dferst schwierige Verh\u00e4ltnisse. Leider kamen die beiden \u00f6sterreichischen Favoriten Thomas Paulmair und David Bodingbauer im Herren Slalom nicht so gut mit diesen welligen Bedingungen zurecht und qualifizierten, wie weitere andere Top-L\u00e4ufer, nicht f\u00fcr das Finale. \u00c4hnlich erging es der WWSC-Asten L\u00e4uferin Miriam Ga\u00dfner. Jedoch holten ihre Teamkolleginnen Vanessa Weniger sowie Bianca und Nadine Schall die Kastanien aus den Feuer und fuhren sich souver\u00e4n in das Slalomfinale der Damen. Vanessa verpasste knapp das Podium, w\u00e4hrend sich die Schall-Sisters ein hei\u00dfes Duell um den ersten Platz lieferten. Nach gleichem Ergebnis mussten die beiden Schwestern ein spannendes Stechen fahren, bei dem die beiden noch eins drauf legten und sogar die 11 Meter kurzen Leine durchfuhren. Bianca konnte sich dann am 10.75m Seil mit einer halben Boje Vorsprung durchsetzen. Die 32-J\u00e4hrige hatte dieses Wochenende aber auch ein anderes Ziel: den Weltrekord zu knacken. \u201eEs war richtig cool hier gemeinsam mit Nadine vor heimischen Publikum ein Stechen zu fahren. Bei diesen wechselhaften, windigen Bedingungen war es aber leider nicht ganz so einfach, dann auch einen neuen Weltrekord aufzustellen. Da muss dann wirklich alles passen\u201c, schildert Bianca. Im Springen sicherte sich Nadine dann noch die Goldmedaille. \u201eDass ich im letzten Sprung noch auf Platz eins springen konnte, ist einfach Wahnsinn\u201c, freut sich die 29-J\u00e4hrige, die sich nebenbei auch noch die Bronzemedaille in der Kombination sicherte.<\/p>\n<p>Bootspringer Matthias K\u00f6ttl zeigte erneut, dass er auch am Lift weit springen kann. Mit 51 Metern musste er sich zwar mit dem vierten Platz begn\u00fcgen, jedoch qualifizierte er sich damit f\u00fcr die Europameisterschaften in Weert (Niederlande) Ende September.<\/p>\n<p>Bei den Nachwuchsl\u00e4ufern zeigte Erik En\u00f6ckl sowohl im Slalom als auch im Trickski mit einer top Performance auf. Newcomerin Sophie H\u00fclsmann konnte leider ihre Leistungen aus dem Training nicht abrufen, da Wettk\u00e4mpfe am Wasser doch noch ein neues Terrain f\u00fcr die 11-J\u00e4hrige ist.<\/p>\n<p>Auch wenn das Wetter nicht nach Wunsch verlaufen sind, haben die WWSC-Asten-Athleten das Beste daraus gemacht und wieder ordentlich Medaillen abger\u00e4umt.<\/p>\n","protected":false},"excerpt":{"rendered":"<p>Beim Europacup an der Heimanlage am Ausee Asten hatten die [&hellip;]<\/p>\n","protected":false},"author":1,"featured_media":2516,"comment_status":"open","ping_status":"open","sticky":false,"template":"","format":"standard","meta":{"footnotes":""},"categories":[4],"tags":[],"class_list":["post-2525","post","type-post","status-publish","format-standard","has-post-thumbnail","hentry","category-news"],"yoast_head":"<!-- This site is optimized with the Yoast SEO plugin v25.0 - https:\/\/yoast.com\/wordpress\/plugins\/seo\/ -->\n<title>Windiges Wasserski Heimspektakel - WSC Asten Aussee<\/title>\n<meta name=\"robots\" content=\"index, follow, max-snippet:-1, max-image-preview:large, max-video-preview:-1\" \/>\n<link rel=\"canonical\" href=\"https:\/\/www.waterski.at\/index.php\/2022\/09\/26\/windiges-wasserski-heimspektakel-2\/\" \/>\n<meta property=\"og:locale\" content=\"de_DE\" \/>\n<meta property=\"og:type\" content=\"article\" \/>\n<meta property=\"og:title\" content=\"Windiges Wasserski Heimspektakel - WSC Asten Aussee\" \/>\n<meta property=\"og:description\" content=\"Beim Europacup an der Heimanlage am Ausee Asten hatten die [&hellip;]\" \/>\n<meta property=\"og:url\" content=\"https:\/\/www.waterski.at\/index.php\/2022\/09\/26\/windiges-wasserski-heimspektakel-2\/\" \/>\n<meta property=\"og:site_name\" content=\"WSC Asten Aussee\" \/>\n<meta property=\"article:published_time\" content=\"2022-09-26T18:38:03+00:00\" \/>\n<meta property=\"og:image\" content=\"https:\/\/www.waterski.at\/wp-content\/uploads\/2022\/09\/Bianca-Slalom-scaled.jpg\" \/>\n\t<meta property=\"og:image:width\" content=\"2560\" \/>\n\t<meta property=\"og:image:height\" content=\"1700\" \/>\n\t<meta property=\"og:image:type\" content=\"image\/jpeg\" \/>\n<meta name=\"author\" content=\"admin123\" \/>\n<meta name=\"twitter:card\" content=\"summary_large_image\" \/>\n<meta name=\"twitter:label1\" content=\"Verfasst von\" \/>\n\t<meta name=\"twitter:data1\" content=\"admin123\" \/>\n\t<meta name=\"twitter:label2\" content=\"Gesch\u00e4tzte Lesezeit\" \/>\n\t<meta name=\"twitter:data2\" content=\"2\u00a0Minuten\" \/>\n<script type=\"application\/ld+json\" class=\"yoast-schema-graph\">{\"@context\":\"https:\/\/schema.org\",\"@graph\":[{\"@type\":\"WebPage\",\"@id\":\"https:\/\/www.waterski.at\/index.php\/2022\/09\/26\/windiges-wasserski-heimspektakel-2\/\",\"url\":\"https:\/\/www.waterski.at\/index.php\/2022\/09\/26\/windiges-wasserski-heimspektakel-2\/\",\"name\":\"Windiges Wasserski Heimspektakel - WSC Asten Aussee\",\"isPartOf\":{\"@id\":\"https:\/\/www.waterski.at\/#website\"},\"primaryImageOfPage\":{\"@id\":\"https:\/\/www.waterski.at\/index.php\/2022\/09\/26\/windiges-wasserski-heimspektakel-2\/#primaryimage\"},\"image\":{\"@id\":\"https:\/\/www.waterski.at\/index.php\/2022\/09\/26\/windiges-wasserski-heimspektakel-2\/#primaryimage\"},\"thumbnailUrl\":\"https:\/\/www.waterski.at\/wp-content\/uploads\/2022\/09\/Bianca-Slalom-scaled.jpg\",\"datePublished\":\"2022-09-26T18:38:03+00:00\",\"author\":{\"@id\":\"https:\/\/www.waterski.at\/#\/schema\/person\/13e09063e00a10122bf29f1d131b97ee\"},\"breadcrumb\":{\"@id\":\"https:\/\/www.waterski.at\/index.php\/2022\/09\/26\/windiges-wasserski-heimspektakel-2\/#breadcrumb\"},\"inLanguage\":\"de\",\"potentialAction\":[{\"@type\":\"ReadAction\",\"target\":[\"https:\/\/www.waterski.at\/index.php\/2022\/09\/26\/windiges-wasserski-heimspektakel-2\/\"]}]},{\"@type\":\"ImageObject\",\"inLanguage\":\"de\",\"@id\":\"https:\/\/www.waterski.at\/index.php\/2022\/09\/26\/windiges-wasserski-heimspektakel-2\/#primaryimage\",\"url\":\"https:\/\/www.waterski.at\/wp-content\/uploads\/2022\/09\/Bianca-Slalom-scaled.jpg\",\"contentUrl\":\"https:\/\/www.waterski.at\/wp-content\/uploads\/2022\/09\/Bianca-Slalom-scaled.jpg\",\"width\":2560,\"height\":1700},{\"@type\":\"BreadcrumbList\",\"@id\":\"https:\/\/www.waterski.at\/index.php\/2022\/09\/26\/windiges-wasserski-heimspektakel-2\/#breadcrumb\",\"itemListElement\":[{\"@type\":\"ListItem\",\"position\":1,\"name\":\"Startseite\",\"item\":\"https:\/\/www.waterski.at\/\"},{\"@type\":\"ListItem\",\"position\":2,\"name\":\"Windiges Wasserski Heimspektakel\"}]},{\"@type\":\"WebSite\",\"@id\":\"https:\/\/www.waterski.at\/#website\",\"url\":\"https:\/\/www.waterski.at\/\",\"name\":\"WSC Asten Aussee\",\"description\":\"Wasserskiverein\",\"potentialAction\":[{\"@type\":\"SearchAction\",\"target\":{\"@type\":\"EntryPoint\",\"urlTemplate\":\"https:\/\/www.waterski.at\/?s={search_term_string}\"},\"query-input\":{\"@type\":\"PropertyValueSpecification\",\"valueRequired\":true,\"valueName\":\"search_term_string\"}}],\"inLanguage\":\"de\"},{\"@type\":\"Person\",\"@id\":\"https:\/\/www.waterski.at\/#\/schema\/person\/13e09063e00a10122bf29f1d131b97ee\",\"name\":\"admin123\",\"sameAs\":[\"https:\/\/www.waterski.at\"],\"url\":\"https:\/\/www.waterski.at\/index.php\/author\/admin123\/\"}]}<\/script>\n<!-- \/ Yoast SEO plugin. -->","yoast_head_json":{"title":"Windiges Wasserski Heimspektakel - WSC Asten Aussee","robots":{"index":"index","follow":"follow","max-snippet":"max-snippet:-1","max-image-preview":"max-image-preview:large","max-video-preview":"max-video-preview:-1"},"canonical":"https:\/\/www.waterski.at\/index.php\/2022\/09\/26\/windiges-wasserski-heimspektakel-2\/","og_locale":"de_DE","og_type":"article","og_title":"Windiges Wasserski Heimspektakel - WSC Asten Aussee","og_description":"Beim Europacup an der Heimanlage am Ausee Asten hatten die [&hellip;]","og_url":"https:\/\/www.waterski.at\/index.php\/2022\/09\/26\/windiges-wasserski-heimspektakel-2\/","og_site_name":"WSC Asten Aussee","article_published_time":"2022-09-26T18:38:03+00:00","og_image":[{"width":2560,"height":1700,"url":"https:\/\/www.waterski.at\/wp-content\/uploads\/2022\/09\/Bianca-Slalom-scaled.jpg","type":"image\/jpeg"}],"author":"admin123","twitter_card":"summary_large_image","twitter_misc":{"Verfasst von":"admin123","Gesch\u00e4tzte Lesezeit":"2\u00a0Minuten"},"schema":{"@context":"https:\/\/schema.org","@graph":[{"@type":"WebPage","@id":"https:\/\/www.waterski.at\/index.php\/2022\/09\/26\/windiges-wasserski-heimspektakel-2\/","url":"https:\/\/www.waterski.at\/index.php\/2022\/09\/26\/windiges-wasserski-heimspektakel-2\/","name":"Windiges Wasserski Heimspektakel - WSC Asten Aussee","isPartOf":{"@id":"https:\/\/www.waterski.at\/#website"},"primaryImageOfPage":{"@id":"https:\/\/www.waterski.at\/index.php\/2022\/09\/26\/windiges-wasserski-heimspektakel-2\/#primaryimage"},"image":{"@id":"https:\/\/www.waterski.at\/index.php\/2022\/09\/26\/windiges-wasserski-heimspektakel-2\/#primaryimage"},"thumbnailUrl":"https:\/\/www.waterski.at\/wp-content\/uploads\/2022\/09\/Bianca-Slalom-scaled.jpg","datePublished":"2022-09-26T18:38:03+00:00","author":{"@id":"https:\/\/www.waterski.at\/#\/schema\/person\/13e09063e00a10122bf29f1d131b97ee"},"breadcrumb":{"@id":"https:\/\/www.waterski.at\/index.php\/2022\/09\/26\/windiges-wasserski-heimspektakel-2\/#breadcrumb"},"inLanguage":"de","potentialAction":[{"@type":"ReadAction","target":["https:\/\/www.waterski.at\/index.php\/2022\/09\/26\/windiges-wasserski-heimspektakel-2\/"]}]},{"@type":"ImageObject","inLanguage":"de","@id":"https:\/\/www.waterski.at\/index.php\/2022\/09\/26\/windiges-wasserski-heimspektakel-2\/#primaryimage","url":"https:\/\/www.waterski.at\/wp-content\/uploads\/2022\/09\/Bianca-Slalom-scaled.jpg","contentUrl":"https:\/\/www.waterski.at\/wp-content\/uploads\/2022\/09\/Bianca-Slalom-scaled.jpg","width":2560,"height":1700},{"@type":"BreadcrumbList","@id":"https:\/\/www.waterski.at\/index.php\/2022\/09\/26\/windiges-wasserski-heimspektakel-2\/#breadcrumb","itemListElement":[{"@type":"ListItem","position":1,"name":"Startseite","item":"https:\/\/www.waterski.at\/"},{"@type":"ListItem","position":2,"name":"Windiges Wasserski Heimspektakel"}]},{"@type":"WebSite","@id":"https:\/\/www.waterski.at\/#website","url":"https:\/\/www.waterski.at\/","name":"WSC Asten Aussee","description":"Wasserskiverein","potentialAction":[{"@type":"SearchAction","target":{"@type":"EntryPoint","urlTemplate":"https:\/\/www.waterski.at\/?s={search_term_string}"},"query-input":{"@type":"PropertyValueSpecification","valueRequired":true,"valueName":"search_term_string"}}],"inLanguage":"de"},{"@type":"Person","@id":"https:\/\/www.waterski.at\/#\/schema\/person\/13e09063e00a10122bf29f1d131b97ee","name":"admin123","sameAs":["https:\/\/www.waterski.at"],"url":"https:\/\/www.waterski.at\/index.php\/author\/admin123\/"}]}},"_links":{"self":[{"href":"https:\/\/www.waterski.at\/index.php\/wp-json\/wp\/v2\/posts\/2525","targetHints":{"allow":["GET"]}}],"collection":[{"href":"https:\/\/www.waterski.at\/index.php\/wp-json\/wp\/v2\/posts"}],"about":[{"href":"https:\/\/www.waterski.at\/index.php\/wp-json\/wp\/v2\/types\/post"}],"author":[{"embeddable":true,"href":"https:\/\/www.waterski.at\/index.php\/wp-json\/wp\/v2\/users\/1"}],"replies":[{"embeddable":true,"href":"https:\/\/www.waterski.at\/index.php\/wp-json\/wp\/v2\/comments?post=2525"}],"version-history":[{"count":1,"href":"https:\/\/www.waterski.at\/index.php\/wp-json\/wp\/v2\/posts\/2525\/revisions"}],"predecessor-version":[{"id":2526,"href":"https:\/\/www.waterski.at\/index.php\/wp-json\/wp\/v2\/posts\/2525\/revisions\/2526"}],"wp:featuredmedia":[{"embeddable":true,"href":"https:\/\/www.waterski.at\/index.php\/wp-json\/wp\/v2\/media\/2516"}],"wp:attachment":[{"href":"https:\/\/www.waterski.at\/index.php\/wp-json\/wp\/v2\/media?parent=2525"}],"wp:term":[{"taxonomy":"category","embeddable":true,"href":"https:\/\/www.waterski.at\/index.php\/wp-json\/wp\/v2\/categories?post=2525"},{"taxonomy":"post_tag","embeddable":true,"href":"https:\/\/www.waterski.at\/index.php\/wp-json\/wp\/v2\/tags?post=2525"}],"curies":[{"name":"wp","href":"https:\/\/api.w.org\/{rel}","templated":true}]}}